{"id":4800,"date":"2018-12-13T13:11:44","date_gmt":"2018-12-13T13:11:44","guid":{"rendered":"https:\/\/www.keyplan.es\/?p=4800"},"modified":"2026-02-12T16:55:32","modified_gmt":"2026-02-12T15:55:32","slug":"trem-supersonico-e-construido-na-espanha","status":"publish","type":"post","link":"https:\/\/www.keyplan.es\/pt-br\/2018\/12\/13\/trem-supersonico-e-construido-na-espanha\/","title":{"rendered":"O trem &#8220;supers\u00f4nico&#8221; \u00e9 constru\u00eddo na Espanha."},"content":{"rendered":"<div class=\"gsrt tw-ta-container tw-nfl\" id=\"tw-target-text-container\">\n<p id=\"tw-target-text\" class=\"tw-data-text tw-ta tw-text-small\" dir=\"ltr\" data-placeholder=\"Traducci\u00f3n\"><span lang=\"pt\">A empresa Hyperloop est\u00e1 prestes a receb\u00ea-lo. Um trem capaz de viajar a 1.200 km \/ hora.<\/span><\/p>\n<pre class=\"tw-data-text tw-ta tw-text-small\" lang=\"pt\"><\/pre>\n<\/div>\n<p><!--more--><\/p>\n<p id=\"tw-target-text\" class=\"tw-data-text tw-ta tw-text-small\" dir=\"ltr\" data-placeholder=\"Traducci\u00f3n\"><span lang=\"pt\">Na verdade, n\u00e3o \u00e9 poss\u00edvel (no momento) viajar na velocidade do som, mas gra\u00e7as a este projeto estar\u00edamos muito pr\u00f3ximos. Um trem-c\u00e1psula capaz de viajar a 1.200 km \/ hora que est\u00e1 sendo constru\u00eddo em C\u00e1diz, de m\u00e3os dadas com a Hyperloop Transportation Technologies (HTT) e a empresa tecnol\u00f3gica espanhola Artificial.<\/span><\/p>\n<p id=\"tw-target-text\" class=\"tw-data-text tw-ta tw-text-small\" dir=\"ltr\" data-placeholder=\"Traducci\u00f3n\"><span lang=\"pt\">O Hyperloop \u00e9 composto por uma \u00fanica c\u00e1psula de 32 metros de comprimento que circula dentro de um tubo de v\u00e1cuo. Quando atinge uma certa velocidade, a cabine \u00e9 levantada por propuls\u00e3o eletromagn\u00e9tica. Para isso s\u00e3o necess\u00e1rios 12 quil\u00f4metros em linha reta, em que \u00e9 poss\u00edvel obter os 1.200km por hora.<\/span><\/p>\n<div class=\"gsrt tw-ta-container tw-nfl\" id=\"tw-target-text-container\">\n<p id=\"tw-target-text\" class=\"tw-data-text tw-ta tw-text-small\" dir=\"ltr\" data-placeholder=\"Traducci\u00f3n\"><span lang=\"pt\">Diz Dirk Ahlborn, criador da &#8220;inven\u00e7\u00e3o&#8221; e fundador da empresa, que esta forma de viajar seria mais segura que o avi\u00e3o, j\u00e1 que ao viajar em tubo a rota n\u00e3o tem nenhum elemento perturbador e a velocidade pode ser ajustada \u00e0 perfei\u00e7\u00e3o. .<\/span><\/p>\n<p class=\"tw-data-text tw-ta tw-text-small\" lang=\"pt\">\u00a0Espera-se que a c\u00e1psula e o transportador tenham sua primeira instala\u00e7\u00e3o em Abu Dhabi, por ocasi\u00e3o da pr\u00f3xima Exposi\u00e7\u00e3o Universal de 2020, conectando o aeroporto com as instala\u00e7\u00f5es, percorrendo uma rota de 140 quil\u00f4metros em apenas 12 minutos.<\/p>\n<\/div>\n<div class=\"gsrt tw-ta-container tw-nfl\" id=\"tw-target-text-container\">\n<pre class=\"tw-data-text tw-ta tw-text-small\" lang=\"pt\"><\/pre>\n<\/div>\n<p>Fonte: retina.elpais.com<\/p>\n<p>&nbsp;<\/p>\n","protected":false},"excerpt":{"rendered":"<p>A empresa Hyperloop est\u00e1 prestes a receb\u00ea-lo. Um trem capaz de viajar a 1.200 km \/ hora.<\/p>\n","protected":false},"author":1,"featured_media":4795,"comment_status":"closed","ping_status":"closed","sticky":false,"template":"","format":"standard","meta":{"footnotes":""},"categories":[210,50,227],"tags":[59,168],"yoast_head":"<!-- This site is optimized with the Yoast SEO plugin v21.9.1 - https:\/\/yoast.com\/wordpress\/plugins\/seo\/ -->\n<title>O trem &quot;supers\u00f4nico&quot; \u00e9 constru\u00eddo na Espanha. - Keyplan<\/title>\n<meta name=\"robots\" content=\"index, follow, max-snippet:-1, max-image-preview:large, max-video-preview:-1\" \/>\n<link rel=\"canonical\" href=\"https:\/\/www.keyplan.es\/pt-br\/2018\/12\/13\/trem-supersonico-e-construido-na-espanha\/\" \/>\n<meta property=\"og:locale\" content=\"pt_BR\" \/>\n<meta property=\"og:type\" content=\"article\" \/>\n<meta property=\"og:title\" content=\"O trem &quot;supers\u00f4nico&quot; \u00e9 constru\u00eddo na Espanha. - Keyplan\" \/>\n<meta property=\"og:description\" content=\"A empresa Hyperloop est\u00e1 prestes a receb\u00ea-lo. Um trem capaz de viajar a 1.200 km \/ hora.\" \/>\n<meta property=\"og:url\" content=\"https:\/\/www.keyplan.es\/pt-br\/2018\/12\/13\/trem-supersonico-e-construido-na-espanha\/\" \/>\n<meta property=\"og:site_name\" content=\"Keyplan\" \/>\n<meta property=\"article:published_time\" content=\"2018-12-13T13:11:44+00:00\" \/>\n<meta property=\"article:modified_time\" content=\"2026-02-12T15:55:32+00:00\" \/>\n<meta property=\"og:image\" content=\"https:\/\/www.keyplan.es\/wp-content\/uploads\/2018\/12\/Trensupersonico.jpg\" \/>\n\t<meta property=\"og:image:width\" content=\"1960\" \/>\n\t<meta property=\"og:image:height\" content=\"1181\" \/>\n\t<meta property=\"og:image:type\" content=\"image\/jpeg\" \/>\n<meta name=\"author\" content=\"sicom\" \/>\n<meta name=\"twitter:card\" content=\"summary_large_image\" \/>\n<meta name=\"twitter:label1\" content=\"Escrito por\" \/>\n\t<meta name=\"twitter:data1\" content=\"sicom\" \/>\n\t<meta name=\"twitter:label2\" content=\"Est. tempo de leitura\" \/>\n\t<meta name=\"twitter:data2\" content=\"1 minuto\" \/>\n<script type=\"application\/ld+json\" class=\"yoast-schema-graph\">{\"@context\":\"https:\/\/schema.org\",\"@graph\":[{\"@type\":\"Article\",\"@id\":\"https:\/\/www.keyplan.es\/pt-br\/2018\/12\/13\/trem-supersonico-e-construido-na-espanha\/#article\",\"isPartOf\":{\"@id\":\"https:\/\/www.keyplan.es\/pt-br\/2018\/12\/13\/trem-supersonico-e-construido-na-espanha\/\"},\"author\":{\"name\":\"sicom\",\"@id\":\"\/#\/schema\/person\/16128f1c73522cf1d48ca39439e8226d\"},\"headline\":\"O trem &#8220;supers\u00f4nico&#8221; \u00e9 constru\u00eddo na Espanha.\",\"datePublished\":\"2018-12-13T13:11:44+00:00\",\"dateModified\":\"2026-02-12T15:55:32+00:00\",\"mainEntityOfPage\":{\"@id\":\"https:\/\/www.keyplan.es\/pt-br\/2018\/12\/13\/trem-supersonico-e-construido-na-espanha\/\"},\"wordCount\":228,\"publisher\":{\"@id\":\"\/#organization\"},\"keywords\":[\"engenharia\",\"transporte\"],\"articleSection\":[\"Ingenier\u00eda\",\"N\u00e3o categorizado\",\"Transporte\"],\"inLanguage\":\"pt-BR\"},{\"@type\":\"WebPage\",\"@id\":\"https:\/\/www.keyplan.es\/pt-br\/2018\/12\/13\/trem-supersonico-e-construido-na-espanha\/\",\"url\":\"https:\/\/www.keyplan.es\/pt-br\/2018\/12\/13\/trem-supersonico-e-construido-na-espanha\/\",\"name\":\"O trem \\\"supers\u00f4nico\\\" \u00e9 constru\u00eddo na Espanha. - Keyplan\",\"isPartOf\":{\"@id\":\"\/#website\"},\"datePublished\":\"2018-12-13T13:11:44+00:00\",\"dateModified\":\"2026-02-12T15:55:32+00:00\",\"breadcrumb\":{\"@id\":\"https:\/\/www.keyplan.es\/pt-br\/2018\/12\/13\/trem-supersonico-e-construido-na-espanha\/#breadcrumb\"},\"inLanguage\":\"pt-BR\",\"potentialAction\":[{\"@type\":\"ReadAction\",\"target\":[\"https:\/\/www.keyplan.es\/pt-br\/2018\/12\/13\/trem-supersonico-e-construido-na-espanha\/\"]}]},{\"@type\":\"BreadcrumbList\",\"@id\":\"https:\/\/www.keyplan.es\/pt-br\/2018\/12\/13\/trem-supersonico-e-construido-na-espanha\/#breadcrumb\",\"itemListElement\":[{\"@type\":\"ListItem\",\"position\":1,\"name\":\"Portada\",\"item\":\"https:\/\/www.keyplan.es\/pt-br\/\"},{\"@type\":\"ListItem\",\"position\":2,\"name\":\"O trem \u00absupers\u00f4nico\u00bb \u00e9 constru\u00eddo na Espanha.\"}]},{\"@type\":\"WebSite\",\"@id\":\"\/#website\",\"url\":\"\/\",\"name\":\"Keyplan\",\"description\":\"Ingenier\u00eda y consulting\",\"publisher\":{\"@id\":\"\/#organization\"},\"potentialAction\":[{\"@type\":\"SearchAction\",\"target\":{\"@type\":\"EntryPoint\",\"urlTemplate\":\"\/?s={search_term_string}\"},\"query-input\":\"required name=search_term_string\"}],\"inLanguage\":\"pt-BR\"},{\"@type\":\"Organization\",\"@id\":\"\/#organization\",\"name\":\"Key Plan\",\"url\":\"\/\",\"logo\":{\"@type\":\"ImageObject\",\"inLanguage\":\"pt-BR\",\"@id\":\"\/#\/schema\/logo\/image\/\",\"url\":\"https:\/\/www.keyplan.es\/wp-content\/uploads\/2016\/12\/logo.png\",\"contentUrl\":\"https:\/\/www.keyplan.es\/wp-content\/uploads\/2016\/12\/logo.png\",\"width\":184,\"height\":82,\"caption\":\"Key Plan\"},\"image\":{\"@id\":\"\/#\/schema\/logo\/image\/\"},\"sameAs\":[\"https:\/\/es.linkedin.com\/company\/keyplaningenieria\",\"https:\/\/www.instagram.com\/keyplan_ingenieria\/\"]},{\"@type\":\"Person\",\"@id\":\"\/#\/schema\/person\/16128f1c73522cf1d48ca39439e8226d\",\"name\":\"sicom\",\"image\":{\"@type\":\"ImageObject\",\"inLanguage\":\"pt-BR\",\"@id\":\"\/#\/schema\/person\/image\/\",\"url\":\"https:\/\/secure.gravatar.com\/avatar\/6593713694856a6e9759ef9f361a07b7?s=96&d=mm&r=g\",\"contentUrl\":\"https:\/\/secure.gravatar.com\/avatar\/6593713694856a6e9759ef9f361a07b7?s=96&d=mm&r=g\",\"caption\":\"sicom\"}}]}<\/script>\n<!-- \/ Yoast SEO plugin. -->","yoast_head_json":{"title":"O trem \"supers\u00f4nico\" \u00e9 constru\u00eddo na Espanha. - Keyplan","robots":{"index":"index","follow":"follow","max-snippet":"max-snippet:-1","max-image-preview":"max-image-preview:large","max-video-preview":"max-video-preview:-1"},"canonical":"https:\/\/www.keyplan.es\/pt-br\/2018\/12\/13\/trem-supersonico-e-construido-na-espanha\/","og_locale":"pt_BR","og_type":"article","og_title":"O trem \"supers\u00f4nico\" \u00e9 constru\u00eddo na Espanha. - Keyplan","og_description":"A empresa Hyperloop est\u00e1 prestes a receb\u00ea-lo. Um trem capaz de viajar a 1.200 km \/ hora.","og_url":"https:\/\/www.keyplan.es\/pt-br\/2018\/12\/13\/trem-supersonico-e-construido-na-espanha\/","og_site_name":"Keyplan","article_published_time":"2018-12-13T13:11:44+00:00","article_modified_time":"2026-02-12T15:55:32+00:00","og_image":[{"width":1960,"height":1181,"url":"https:\/\/www.keyplan.es\/wp-content\/uploads\/2018\/12\/Trensupersonico.jpg","type":"image\/jpeg"}],"author":"sicom","twitter_card":"summary_large_image","twitter_misc":{"Escrito por":"sicom","Est. tempo de leitura":"1 minuto"},"schema":{"@context":"https:\/\/schema.org","@graph":[{"@type":"Article","@id":"https:\/\/www.keyplan.es\/pt-br\/2018\/12\/13\/trem-supersonico-e-construido-na-espanha\/#article","isPartOf":{"@id":"https:\/\/www.keyplan.es\/pt-br\/2018\/12\/13\/trem-supersonico-e-construido-na-espanha\/"},"author":{"name":"sicom","@id":"\/#\/schema\/person\/16128f1c73522cf1d48ca39439e8226d"},"headline":"O trem &#8220;supers\u00f4nico&#8221; \u00e9 constru\u00eddo na Espanha.","datePublished":"2018-12-13T13:11:44+00:00","dateModified":"2026-02-12T15:55:32+00:00","mainEntityOfPage":{"@id":"https:\/\/www.keyplan.es\/pt-br\/2018\/12\/13\/trem-supersonico-e-construido-na-espanha\/"},"wordCount":228,"publisher":{"@id":"\/#organization"},"keywords":["engenharia","transporte"],"articleSection":["Ingenier\u00eda","N\u00e3o categorizado","Transporte"],"inLanguage":"pt-BR"},{"@type":"WebPage","@id":"https:\/\/www.keyplan.es\/pt-br\/2018\/12\/13\/trem-supersonico-e-construido-na-espanha\/","url":"https:\/\/www.keyplan.es\/pt-br\/2018\/12\/13\/trem-supersonico-e-construido-na-espanha\/","name":"O trem \"supers\u00f4nico\" \u00e9 constru\u00eddo na Espanha. - Keyplan","isPartOf":{"@id":"\/#website"},"datePublished":"2018-12-13T13:11:44+00:00","dateModified":"2026-02-12T15:55:32+00:00","breadcrumb":{"@id":"https:\/\/www.keyplan.es\/pt-br\/2018\/12\/13\/trem-supersonico-e-construido-na-espanha\/#breadcrumb"},"inLanguage":"pt-BR","potentialAction":[{"@type":"ReadAction","target":["https:\/\/www.keyplan.es\/pt-br\/2018\/12\/13\/trem-supersonico-e-construido-na-espanha\/"]}]},{"@type":"BreadcrumbList","@id":"https:\/\/www.keyplan.es\/pt-br\/2018\/12\/13\/trem-supersonico-e-construido-na-espanha\/#breadcrumb","itemListElement":[{"@type":"ListItem","position":1,"name":"Portada","item":"https:\/\/www.keyplan.es\/pt-br\/"},{"@type":"ListItem","position":2,"name":"O trem \u00absupers\u00f4nico\u00bb \u00e9 constru\u00eddo na Espanha."}]},{"@type":"WebSite","@id":"\/#website","url":"\/","name":"Keyplan","description":"Ingenier\u00eda y consulting","publisher":{"@id":"\/#organization"},"potentialAction":[{"@type":"SearchAction","target":{"@type":"EntryPoint","urlTemplate":"\/?s={search_term_string}"},"query-input":"required name=search_term_string"}],"inLanguage":"pt-BR"},{"@type":"Organization","@id":"\/#organization","name":"Key Plan","url":"\/","logo":{"@type":"ImageObject","inLanguage":"pt-BR","@id":"\/#\/schema\/logo\/image\/","url":"https:\/\/www.keyplan.es\/wp-content\/uploads\/2016\/12\/logo.png","contentUrl":"https:\/\/www.keyplan.es\/wp-content\/uploads\/2016\/12\/logo.png","width":184,"height":82,"caption":"Key Plan"},"image":{"@id":"\/#\/schema\/logo\/image\/"},"sameAs":["https:\/\/es.linkedin.com\/company\/keyplaningenieria","https:\/\/www.instagram.com\/keyplan_ingenieria\/"]},{"@type":"Person","@id":"\/#\/schema\/person\/16128f1c73522cf1d48ca39439e8226d","name":"sicom","image":{"@type":"ImageObject","inLanguage":"pt-BR","@id":"\/#\/schema\/person\/image\/","url":"https:\/\/secure.gravatar.com\/avatar\/6593713694856a6e9759ef9f361a07b7?s=96&d=mm&r=g","contentUrl":"https:\/\/secure.gravatar.com\/avatar\/6593713694856a6e9759ef9f361a07b7?s=96&d=mm&r=g","caption":"sicom"}}]}},"_links":{"self":[{"href":"https:\/\/www.keyplan.es\/pt-br\/wp-json\/wp\/v2\/posts\/4800"}],"collection":[{"href":"https:\/\/www.keyplan.es\/pt-br\/wp-json\/wp\/v2\/posts"}],"about":[{"href":"https:\/\/www.keyplan.es\/pt-br\/wp-json\/wp\/v2\/types\/post"}],"author":[{"embeddable":true,"href":"https:\/\/www.keyplan.es\/pt-br\/wp-json\/wp\/v2\/users\/1"}],"replies":[{"embeddable":true,"href":"https:\/\/www.keyplan.es\/pt-br\/wp-json\/wp\/v2\/comments?post=4800"}],"version-history":[{"count":1,"href":"https:\/\/www.keyplan.es\/pt-br\/wp-json\/wp\/v2\/posts\/4800\/revisions"}],"predecessor-version":[{"id":7267,"href":"https:\/\/www.keyplan.es\/pt-br\/wp-json\/wp\/v2\/posts\/4800\/revisions\/7267"}],"wp:featuredmedia":[{"embeddable":true,"href":"https:\/\/www.keyplan.es\/pt-br\/wp-json\/wp\/v2\/media\/4795"}],"wp:attachment":[{"href":"https:\/\/www.keyplan.es\/pt-br\/wp-json\/wp\/v2\/media?parent=4800"}],"wp:term":[{"taxonomy":"category","embeddable":true,"href":"https:\/\/www.keyplan.es\/pt-br\/wp-json\/wp\/v2\/categories?post=4800"},{"taxonomy":"post_tag","embeddable":true,"href":"https:\/\/www.keyplan.es\/pt-br\/wp-json\/wp\/v2\/tags?post=4800"}],"curies":[{"name":"wp","href":"https:\/\/api.w.org\/{rel}","templated":true}]}}