{"id":4826,"date":"2019-01-22T17:22:36","date_gmt":"2019-01-22T17:22:36","guid":{"rendered":"https:\/\/www.keyplan.es\/?p=4826"},"modified":"2026-02-12T16:55:31","modified_gmt":"2026-02-12T15:55:31","slug":"plan-energia-clima-impulsando-la-ambicion-climatica","status":"publish","type":"post","link":"https:\/\/www.keyplan.es\/pt-br\/2019\/01\/22\/plan-energia-clima-impulsando-la-ambicion-climatica\/","title":{"rendered":"O Plano de Energia e Clima, promovendo a ambi\u00e7\u00e3o clim\u00e1tica."},"content":{"rendered":"<p>\u00c9 isso que o slogan do Plano de Energia e Clima 2021-2035 diz que vai movimentar 235 bilh\u00f5es de euros para combater as mudan\u00e7as clim\u00e1ticas.<\/p>\n<p><!--more-->Um desafio para todos que o atual governo quer empreender neste per\u00edodo para avan\u00e7ar na transi\u00e7\u00e3o ecol\u00f3gica. As medidas mais urgentes s\u00e3o o controle do aumento do pre\u00e7o da eletricidade, a elimina\u00e7\u00e3o do &#8220;imposto solar&#8221;, o reconhecimento do autoconsumo compartilhado e a promo\u00e7\u00e3o da mobilidade sustent\u00e1vel.<\/p>\n<p>Os objectivos fundamentais do enquadramento clim\u00e1tico e energ\u00e9tico para 2030 no ambiente europeu s\u00e3o tr\u00eas:<\/p>\n<ul>\n<li>Pelo menos 40% de redu\u00e7\u00e3o nas emiss\u00f5es de gases de efeito estufa (em compara\u00e7\u00e3o com 1990) Pelo menos 27% de participa\u00e7\u00e3o em energia renov\u00e1vel.<\/li>\n<li>Pelo menos 27% de melhoria na efici\u00eancia energ\u00e9tica.<\/li>\n<\/ul>\n<p>A este respeito, a Espanha lida com o Plano, alcan\u00e7ando os padr\u00f5es propostos pela Europa, legislando e promovendo estrat\u00e9gias destinadas a reduzir as emiss\u00f5es de CO2. O rascunho, que ser\u00e1 enviado a Bruxelas, ficar\u00e1 pronto dentro de algumas semanas. Ser\u00e1 ent\u00e3o quando conhecermos as especifica\u00e7\u00f5es do Plano.<\/p>\n<p>&nbsp;<\/p>\n","protected":false},"excerpt":{"rendered":"<p>\u00c9 isso que o slogan do Plano de Energia e Clima 2021-2035 diz que vai movimentar 235 bilh\u00f5es de euros para combater as mudan\u00e7as clim\u00e1ticas.<\/p>\n","protected":false},"author":1,"featured_media":4824,"comment_status":"closed","ping_status":"closed","sticky":false,"template":"","format":"standard","meta":{"footnotes":""},"categories":[57,55,56],"tags":[198],"yoast_head":"<!-- This site is optimized with the Yoast SEO plugin v21.9.1 - https:\/\/yoast.com\/wordpress\/plugins\/seo\/ -->\n<title>O Plano de Energia e Clima, promovendo a ambi\u00e7\u00e3o clim\u00e1tica. - Keyplan<\/title>\n<meta name=\"robots\" content=\"index, follow, max-snippet:-1, max-image-preview:large, max-video-preview:-1\" \/>\n<link rel=\"canonical\" href=\"https:\/\/www.keyplan.es\/pt-br\/2019\/01\/22\/plan-energia-clima-impulsando-la-ambicion-climatica\/\" \/>\n<meta property=\"og:locale\" content=\"pt_BR\" \/>\n<meta property=\"og:type\" content=\"article\" \/>\n<meta property=\"og:title\" content=\"O Plano de Energia e Clima, promovendo a ambi\u00e7\u00e3o clim\u00e1tica. - Keyplan\" \/>\n<meta property=\"og:description\" content=\"\u00c9 isso que o slogan do Plano de Energia e Clima 2021-2035 diz que vai movimentar 235 bilh\u00f5es de euros para combater as mudan\u00e7as clim\u00e1ticas.\" \/>\n<meta property=\"og:url\" content=\"https:\/\/www.keyplan.es\/pt-br\/2019\/01\/22\/plan-energia-clima-impulsando-la-ambicion-climatica\/\" \/>\n<meta property=\"og:site_name\" content=\"Keyplan\" \/>\n<meta property=\"article:published_time\" content=\"2019-01-22T17:22:36+00:00\" \/>\n<meta property=\"article:modified_time\" content=\"2026-02-12T15:55:31+00:00\" \/>\n<meta property=\"og:image\" content=\"https:\/\/www.keyplan.es\/wp-content\/uploads\/2019\/01\/energia_eolica.jpg\" \/>\n\t<meta property=\"og:image:width\" content=\"600\" \/>\n\t<meta property=\"og:image:height\" content=\"401\" \/>\n\t<meta property=\"og:image:type\" content=\"image\/jpeg\" \/>\n<meta name=\"author\" content=\"sicom\" \/>\n<meta name=\"twitter:card\" content=\"summary_large_image\" \/>\n<meta name=\"twitter:label1\" content=\"Escrito por\" \/>\n\t<meta name=\"twitter:data1\" content=\"sicom\" \/>\n\t<meta name=\"twitter:label2\" content=\"Est. tempo de leitura\" \/>\n\t<meta name=\"twitter:data2\" content=\"1 minuto\" \/>\n<script type=\"application\/ld+json\" class=\"yoast-schema-graph\">{\"@context\":\"https:\/\/schema.org\",\"@graph\":[{\"@type\":\"Article\",\"@id\":\"https:\/\/www.keyplan.es\/pt-br\/2019\/01\/22\/plan-energia-clima-impulsando-la-ambicion-climatica\/#article\",\"isPartOf\":{\"@id\":\"https:\/\/www.keyplan.es\/pt-br\/2019\/01\/22\/plan-energia-clima-impulsando-la-ambicion-climatica\/\"},\"author\":{\"name\":\"sicom\",\"@id\":\"\/#\/schema\/person\/16128f1c73522cf1d48ca39439e8226d\"},\"headline\":\"O Plano de Energia e Clima, promovendo a ambi\u00e7\u00e3o clim\u00e1tica.\",\"datePublished\":\"2019-01-22T17:22:36+00:00\",\"dateModified\":\"2026-02-12T15:55:31+00:00\",\"mainEntityOfPage\":{\"@id\":\"https:\/\/www.keyplan.es\/pt-br\/2019\/01\/22\/plan-energia-clima-impulsando-la-ambicion-climatica\/\"},\"wordCount\":200,\"publisher\":{\"@id\":\"\/#organization\"},\"keywords\":[\"plan energ\u00eda y clima\"],\"articleSection\":[\"meio ambiente\",\"Setor energ\u00e9tico\",\"Setor industrial\"],\"inLanguage\":\"pt-BR\"},{\"@type\":\"WebPage\",\"@id\":\"https:\/\/www.keyplan.es\/pt-br\/2019\/01\/22\/plan-energia-clima-impulsando-la-ambicion-climatica\/\",\"url\":\"https:\/\/www.keyplan.es\/pt-br\/2019\/01\/22\/plan-energia-clima-impulsando-la-ambicion-climatica\/\",\"name\":\"O Plano de Energia e Clima, promovendo a ambi\u00e7\u00e3o clim\u00e1tica. - Keyplan\",\"isPartOf\":{\"@id\":\"\/#website\"},\"datePublished\":\"2019-01-22T17:22:36+00:00\",\"dateModified\":\"2026-02-12T15:55:31+00:00\",\"breadcrumb\":{\"@id\":\"https:\/\/www.keyplan.es\/pt-br\/2019\/01\/22\/plan-energia-clima-impulsando-la-ambicion-climatica\/#breadcrumb\"},\"inLanguage\":\"pt-BR\",\"potentialAction\":[{\"@type\":\"ReadAction\",\"target\":[\"https:\/\/www.keyplan.es\/pt-br\/2019\/01\/22\/plan-energia-clima-impulsando-la-ambicion-climatica\/\"]}]},{\"@type\":\"BreadcrumbList\",\"@id\":\"https:\/\/www.keyplan.es\/pt-br\/2019\/01\/22\/plan-energia-clima-impulsando-la-ambicion-climatica\/#breadcrumb\",\"itemListElement\":[{\"@type\":\"ListItem\",\"position\":1,\"name\":\"Portada\",\"item\":\"https:\/\/www.keyplan.es\/pt-br\/\"},{\"@type\":\"ListItem\",\"position\":2,\"name\":\"O Plano de Energia e Clima, promovendo a ambi\u00e7\u00e3o clim\u00e1tica.\"}]},{\"@type\":\"WebSite\",\"@id\":\"\/#website\",\"url\":\"\/\",\"name\":\"Keyplan\",\"description\":\"Ingenier\u00eda y consulting\",\"publisher\":{\"@id\":\"\/#organization\"},\"potentialAction\":[{\"@type\":\"SearchAction\",\"target\":{\"@type\":\"EntryPoint\",\"urlTemplate\":\"\/?s={search_term_string}\"},\"query-input\":\"required name=search_term_string\"}],\"inLanguage\":\"pt-BR\"},{\"@type\":\"Organization\",\"@id\":\"\/#organization\",\"name\":\"Key Plan\",\"url\":\"\/\",\"logo\":{\"@type\":\"ImageObject\",\"inLanguage\":\"pt-BR\",\"@id\":\"\/#\/schema\/logo\/image\/\",\"url\":\"https:\/\/www.keyplan.es\/wp-content\/uploads\/2016\/12\/logo.png\",\"contentUrl\":\"https:\/\/www.keyplan.es\/wp-content\/uploads\/2016\/12\/logo.png\",\"width\":184,\"height\":82,\"caption\":\"Key Plan\"},\"image\":{\"@id\":\"\/#\/schema\/logo\/image\/\"},\"sameAs\":[\"https:\/\/es.linkedin.com\/company\/keyplaningenieria\",\"https:\/\/www.instagram.com\/keyplan_ingenieria\/\"]},{\"@type\":\"Person\",\"@id\":\"\/#\/schema\/person\/16128f1c73522cf1d48ca39439e8226d\",\"name\":\"sicom\",\"image\":{\"@type\":\"ImageObject\",\"inLanguage\":\"pt-BR\",\"@id\":\"\/#\/schema\/person\/image\/\",\"url\":\"https:\/\/secure.gravatar.com\/avatar\/6593713694856a6e9759ef9f361a07b7?s=96&d=mm&r=g\",\"contentUrl\":\"https:\/\/secure.gravatar.com\/avatar\/6593713694856a6e9759ef9f361a07b7?s=96&d=mm&r=g\",\"caption\":\"sicom\"}}]}<\/script>\n<!-- \/ Yoast SEO plugin. -->","yoast_head_json":{"title":"O Plano de Energia e Clima, promovendo a ambi\u00e7\u00e3o clim\u00e1tica. - Keyplan","robots":{"index":"index","follow":"follow","max-snippet":"max-snippet:-1","max-image-preview":"max-image-preview:large","max-video-preview":"max-video-preview:-1"},"canonical":"https:\/\/www.keyplan.es\/pt-br\/2019\/01\/22\/plan-energia-clima-impulsando-la-ambicion-climatica\/","og_locale":"pt_BR","og_type":"article","og_title":"O Plano de Energia e Clima, promovendo a ambi\u00e7\u00e3o clim\u00e1tica. - Keyplan","og_description":"\u00c9 isso que o slogan do Plano de Energia e Clima 2021-2035 diz que vai movimentar 235 bilh\u00f5es de euros para combater as mudan\u00e7as clim\u00e1ticas.","og_url":"https:\/\/www.keyplan.es\/pt-br\/2019\/01\/22\/plan-energia-clima-impulsando-la-ambicion-climatica\/","og_site_name":"Keyplan","article_published_time":"2019-01-22T17:22:36+00:00","article_modified_time":"2026-02-12T15:55:31+00:00","og_image":[{"width":600,"height":401,"url":"https:\/\/www.keyplan.es\/wp-content\/uploads\/2019\/01\/energia_eolica.jpg","type":"image\/jpeg"}],"author":"sicom","twitter_card":"summary_large_image","twitter_misc":{"Escrito por":"sicom","Est. tempo de leitura":"1 minuto"},"schema":{"@context":"https:\/\/schema.org","@graph":[{"@type":"Article","@id":"https:\/\/www.keyplan.es\/pt-br\/2019\/01\/22\/plan-energia-clima-impulsando-la-ambicion-climatica\/#article","isPartOf":{"@id":"https:\/\/www.keyplan.es\/pt-br\/2019\/01\/22\/plan-energia-clima-impulsando-la-ambicion-climatica\/"},"author":{"name":"sicom","@id":"\/#\/schema\/person\/16128f1c73522cf1d48ca39439e8226d"},"headline":"O Plano de Energia e Clima, promovendo a ambi\u00e7\u00e3o clim\u00e1tica.","datePublished":"2019-01-22T17:22:36+00:00","dateModified":"2026-02-12T15:55:31+00:00","mainEntityOfPage":{"@id":"https:\/\/www.keyplan.es\/pt-br\/2019\/01\/22\/plan-energia-clima-impulsando-la-ambicion-climatica\/"},"wordCount":200,"publisher":{"@id":"\/#organization"},"keywords":["plan energ\u00eda y clima"],"articleSection":["meio ambiente","Setor energ\u00e9tico","Setor industrial"],"inLanguage":"pt-BR"},{"@type":"WebPage","@id":"https:\/\/www.keyplan.es\/pt-br\/2019\/01\/22\/plan-energia-clima-impulsando-la-ambicion-climatica\/","url":"https:\/\/www.keyplan.es\/pt-br\/2019\/01\/22\/plan-energia-clima-impulsando-la-ambicion-climatica\/","name":"O Plano de Energia e Clima, promovendo a ambi\u00e7\u00e3o clim\u00e1tica. - Keyplan","isPartOf":{"@id":"\/#website"},"datePublished":"2019-01-22T17:22:36+00:00","dateModified":"2026-02-12T15:55:31+00:00","breadcrumb":{"@id":"https:\/\/www.keyplan.es\/pt-br\/2019\/01\/22\/plan-energia-clima-impulsando-la-ambicion-climatica\/#breadcrumb"},"inLanguage":"pt-BR","potentialAction":[{"@type":"ReadAction","target":["https:\/\/www.keyplan.es\/pt-br\/2019\/01\/22\/plan-energia-clima-impulsando-la-ambicion-climatica\/"]}]},{"@type":"BreadcrumbList","@id":"https:\/\/www.keyplan.es\/pt-br\/2019\/01\/22\/plan-energia-clima-impulsando-la-ambicion-climatica\/#breadcrumb","itemListElement":[{"@type":"ListItem","position":1,"name":"Portada","item":"https:\/\/www.keyplan.es\/pt-br\/"},{"@type":"ListItem","position":2,"name":"O Plano de Energia e Clima, promovendo a ambi\u00e7\u00e3o clim\u00e1tica."}]},{"@type":"WebSite","@id":"\/#website","url":"\/","name":"Keyplan","description":"Ingenier\u00eda y consulting","publisher":{"@id":"\/#organization"},"potentialAction":[{"@type":"SearchAction","target":{"@type":"EntryPoint","urlTemplate":"\/?s={search_term_string}"},"query-input":"required name=search_term_string"}],"inLanguage":"pt-BR"},{"@type":"Organization","@id":"\/#organization","name":"Key Plan","url":"\/","logo":{"@type":"ImageObject","inLanguage":"pt-BR","@id":"\/#\/schema\/logo\/image\/","url":"https:\/\/www.keyplan.es\/wp-content\/uploads\/2016\/12\/logo.png","contentUrl":"https:\/\/www.keyplan.es\/wp-content\/uploads\/2016\/12\/logo.png","width":184,"height":82,"caption":"Key Plan"},"image":{"@id":"\/#\/schema\/logo\/image\/"},"sameAs":["https:\/\/es.linkedin.com\/company\/keyplaningenieria","https:\/\/www.instagram.com\/keyplan_ingenieria\/"]},{"@type":"Person","@id":"\/#\/schema\/person\/16128f1c73522cf1d48ca39439e8226d","name":"sicom","image":{"@type":"ImageObject","inLanguage":"pt-BR","@id":"\/#\/schema\/person\/image\/","url":"https:\/\/secure.gravatar.com\/avatar\/6593713694856a6e9759ef9f361a07b7?s=96&d=mm&r=g","contentUrl":"https:\/\/secure.gravatar.com\/avatar\/6593713694856a6e9759ef9f361a07b7?s=96&d=mm&r=g","caption":"sicom"}}]}},"_links":{"self":[{"href":"https:\/\/www.keyplan.es\/pt-br\/wp-json\/wp\/v2\/posts\/4826"}],"collection":[{"href":"https:\/\/www.keyplan.es\/pt-br\/wp-json\/wp\/v2\/posts"}],"about":[{"href":"https:\/\/www.keyplan.es\/pt-br\/wp-json\/wp\/v2\/types\/post"}],"author":[{"embeddable":true,"href":"https:\/\/www.keyplan.es\/pt-br\/wp-json\/wp\/v2\/users\/1"}],"replies":[{"embeddable":true,"href":"https:\/\/www.keyplan.es\/pt-br\/wp-json\/wp\/v2\/comments?post=4826"}],"version-history":[{"count":1,"href":"https:\/\/www.keyplan.es\/pt-br\/wp-json\/wp\/v2\/posts\/4826\/revisions"}],"predecessor-version":[{"id":7265,"href":"https:\/\/www.keyplan.es\/pt-br\/wp-json\/wp\/v2\/posts\/4826\/revisions\/7265"}],"wp:featuredmedia":[{"embeddable":true,"href":"https:\/\/www.keyplan.es\/pt-br\/wp-json\/wp\/v2\/media\/4824"}],"wp:attachment":[{"href":"https:\/\/www.keyplan.es\/pt-br\/wp-json\/wp\/v2\/media?parent=4826"}],"wp:term":[{"taxonomy":"category","embeddable":true,"href":"https:\/\/www.keyplan.es\/pt-br\/wp-json\/wp\/v2\/categories?post=4826"},{"taxonomy":"post_tag","embeddable":true,"href":"https:\/\/www.keyplan.es\/pt-br\/wp-json\/wp\/v2\/tags?post=4826"}],"curies":[{"name":"wp","href":"https:\/\/api.w.org\/{rel}","templated":true}]}}