{"id":5729,"date":"2021-06-23T09:14:06","date_gmt":"2021-06-23T09:14:06","guid":{"rendered":"http:\/\/localhost\/?p=5729"},"modified":"2026-02-12T16:55:06","modified_gmt":"2026-02-12T15:55:06","slug":"estudo-da-asime-sobre-eolica-offshore-na-galiza-tem-alguns-detratores","status":"publish","type":"post","link":"https:\/\/www.keyplan.es\/pt-br\/2021\/06\/23\/estudo-da-asime-sobre-eolica-offshore-na-galiza-tem-alguns-detratores\/","title":{"rendered":"O estudo da Asime sobre o desenvolvimento da energia e\u00f3lica offshore na Galiza tem alguns detratores."},"content":{"rendered":"<p>Um estudo GOE &#8211; Asime investiga o potencial de desenvolvimento da energia e\u00f3lica offshore na Galiza e encontra alguns detratores. A constru\u00e7\u00e3o de parques marinhos pode colidir com as atividades do setor pesqueiro e as preocupa\u00e7\u00f5es de alguns envolvidos aumentam ap\u00f3s a divulga\u00e7\u00e3o do relat\u00f3rio.<\/p>\n<p><!--more--><\/p>\n<h2>O potencial da energia e\u00f3lica offshore na costa galega.<\/h2>\n<p>O Grupo Galego de Energia Offshore (GOE-<a href=\"https:\/\/asime.es\/\">Asime<\/a>) destacou A Mari\u00f1a, Punta Langosteira e Val Mi\u00f1or como os locais com maior potencial para a promo\u00e7\u00e3o da energia e\u00f3lica offshore na Galiza. Tamb\u00e9m interveio na apresenta\u00e7\u00e3o do relat\u00f3rio Francisco Conde, que demonstrou a firme vontade da Xunta de Galicia em dinamizar estes projectos.<\/p>\n<blockquote><p>\u201cTemos a responsabilidade comum de todos de ver as capacidades desta energia a n\u00edvel energ\u00e9tico e industrial, dois vectores de competitividade para o futuro da Galiza\u201d. &#8211; Francisco Conde, Vice-Presidente Econ\u00f4mico da Xunta.<\/p><\/blockquote>\n<p>Durante a apresenta\u00e7\u00e3o que decorreu na sede da Asime, foram destacados os benef\u00edcios que a constru\u00e7\u00e3o destes parques pode trazer para a energia e a ind\u00fastria galega, gerando entre 1000 e 5000 empregos diretos at\u00e9 2030 e contribuindo para a descarboniza\u00e7\u00e3o. Al\u00e9m disso, o desenvolvimento da energia e\u00f3lica offshore na Galiza daria uma resposta eficiente ao aumento do consumo de eletricidade e reduziria a depend\u00eancia el\u00e9trica de outros pa\u00edses.<\/p>\n<p>Para o GOE, desperdi\u00e7a-se o potencial da costa galega e dos seus ventos, e consideram que a verdadeira quest\u00e3o n\u00e3o \u00e9 se devem ser implementados parques e\u00f3licos offshore, mas onde e como.<\/p>\n<h2>As primeiras vozes cr\u00edticas.<\/h2>\n<p>Durante a apresenta\u00e7\u00e3o, os respons\u00e1veis \u200b\u200btamb\u00e9m quiseram deixar claro que a instala\u00e7\u00e3o de parques teria suas restri\u00e7\u00f5es e os cuidados seriam tomados para evitar um impacto indesejado na aq\u00fcicultura e nas \u00e1reas de pesca. Al\u00e9m disso, o estudo refere que ser\u00e3o respeitados os espa\u00e7os protegidos e outras \u00e1reas essenciais como infraestruturas de extra\u00e7\u00e3o de recursos naturais ou de mat\u00e9rias-primas, vias de transporte, dep\u00f3sitos de lixo, \u00e1reas de investiga\u00e7\u00e3o cient\u00edfica, atividades tur\u00edsticas e muito mais.<\/p>\n<p>Sin embargo, ya han aparecido las primeras voces cr\u00edticas que alertan de que, a pesar de lo que diga el informe, estas construcciones podr\u00edan afectar al sector pesquero e incluso a la preservaci\u00f3n de los ecosistemas si no se dirimen correctamente las cuestiones que a\u00fan est\u00e1n en o ar.<\/p>\n<p>Estas quest\u00f5es, segundo o GOE-Asime, ter\u00e3o lugar no Projecto de Ordenamento do Territ\u00f3rio Mar\u00edtimo (com aprova\u00e7\u00e3o prevista para o final do ano), ficando a cargo da Uni\u00e3o Europeia ou de outros estudos privados de esclarecimento os detalhes sobre a regulamenta\u00e7\u00e3o dessas instala\u00e7\u00f5es.<\/p>\n<h2>Cuidar do meio ambiente.<\/h2>\n<p>Na<a href=\"https:\/\/www.keyplan.es\/pt-br\/quem-somos\/\"> Keyplan<\/a> acreditamos que a constru\u00e7\u00e3o de instala\u00e7\u00f5es de fomento \u00e0s energias renov\u00e1veis \u200b\u200b\u00e9 sempre uma boa not\u00edcia para o planeta em que vivemos, pois nos aproxima um pouco mais da sustentabilidade e da efici\u00eancia.<\/p>\n<p>No entanto, \u00e9 necess\u00e1rio que sejam tomadas medidas legais, que sejam ajustados regulamentos e que cientistas e t\u00e9cnicos realizem estudos detalhados, para garantir que o impacto seja o m\u00ednimo poss\u00edvel e que as constru\u00e7\u00f5es cumpram o objetivo que est\u00e1 na base de todos os conflitos de interesses: cuidar do meio ambiente-<\/p>\n","protected":false},"excerpt":{"rendered":"<p>Um estudo GOE &#8211; Asime investiga o potencial de desenvolvimento da energia e\u00f3lica offshore na Galiza e encontra alguns detratores. A constru\u00e7\u00e3o de parques marinhos pode colidir com as atividades&#8230;<\/p>\n","protected":false},"author":1,"featured_media":5731,"comment_status":"closed","ping_status":"closed","sticky":false,"template":"","format":"standard","meta":{"footnotes":""},"categories":[325,217,57,55,56,58],"tags":[292,349,212],"yoast_head":"<!-- This site is optimized with the Yoast SEO plugin v21.9.1 - https:\/\/yoast.com\/wordpress\/plugins\/seo\/ -->\n<title>O estudo da Asime sobre a eolica offshore na Galiza tem alguns detratores<\/title>\n<meta name=\"description\" content=\"Um estudo GOE - Asime investiga o potencial de desenvolvimento da energia e\u00f3lica offshore na Galiza e encontra alguns detratores. A constru\u00e7\u00e3o de parques marinhos pode colidir com as atividades do setor pesqueiro e as preocupa\u00e7\u00f5es de alguns envolvidos aumentam ap\u00f3s a divulga\u00e7\u00e3o do relat\u00f3rio.\" \/>\n<meta name=\"robots\" content=\"index, follow, max-snippet:-1, max-image-preview:large, max-video-preview:-1\" \/>\n<link rel=\"canonical\" href=\"https:\/\/www.keyplan.es\/pt-br\/2021\/06\/23\/estudo-da-asime-sobre-eolica-offshore-na-galiza-tem-alguns-detratores\/\" \/>\n<meta property=\"og:locale\" content=\"pt_BR\" \/>\n<meta property=\"og:type\" content=\"article\" \/>\n<meta property=\"og:title\" content=\"O estudo da Asime sobre a eolica offshore na Galiza tem alguns detratores\" \/>\n<meta property=\"og:description\" content=\"Um estudo GOE - Asime investiga o potencial de desenvolvimento da energia e\u00f3lica offshore na Galiza e encontra alguns detratores. A constru\u00e7\u00e3o de parques marinhos pode colidir com as atividades do setor pesqueiro e as preocupa\u00e7\u00f5es de alguns envolvidos aumentam ap\u00f3s a divulga\u00e7\u00e3o do relat\u00f3rio.\" \/>\n<meta property=\"og:url\" content=\"https:\/\/www.keyplan.es\/pt-br\/2021\/06\/23\/estudo-da-asime-sobre-eolica-offshore-na-galiza-tem-alguns-detratores\/\" \/>\n<meta property=\"og:site_name\" content=\"Keyplan\" \/>\n<meta property=\"article:published_time\" content=\"2021-06-23T09:14:06+00:00\" \/>\n<meta property=\"article:modified_time\" content=\"2026-02-12T15:55:06+00:00\" \/>\n<meta property=\"og:image\" content=\"https:\/\/www.keyplan.es\/wp-content\/uploads\/2021\/06\/eolica-marina-galicia-asime.jpg\" \/>\n\t<meta property=\"og:image:width\" content=\"900\" \/>\n\t<meta property=\"og:image:height\" content=\"600\" \/>\n\t<meta property=\"og:image:type\" content=\"image\/jpeg\" \/>\n<meta name=\"author\" content=\"sicom\" \/>\n<meta name=\"twitter:card\" content=\"summary_large_image\" \/>\n<meta name=\"twitter:label1\" content=\"Escrito por\" \/>\n\t<meta name=\"twitter:data1\" content=\"sicom\" \/>\n\t<meta name=\"twitter:label2\" content=\"Est. tempo de leitura\" \/>\n\t<meta name=\"twitter:data2\" content=\"3 minutos\" \/>\n<script type=\"application\/ld+json\" class=\"yoast-schema-graph\">{\"@context\":\"https:\/\/schema.org\",\"@graph\":[{\"@type\":\"Article\",\"@id\":\"https:\/\/www.keyplan.es\/pt-br\/2021\/06\/23\/estudo-da-asime-sobre-eolica-offshore-na-galiza-tem-alguns-detratores\/#article\",\"isPartOf\":{\"@id\":\"https:\/\/www.keyplan.es\/pt-br\/2021\/06\/23\/estudo-da-asime-sobre-eolica-offshore-na-galiza-tem-alguns-detratores\/\"},\"author\":{\"name\":\"sicom\",\"@id\":\"\/#\/schema\/person\/16128f1c73522cf1d48ca39439e8226d\"},\"headline\":\"O estudo da Asime sobre o desenvolvimento da energia e\u00f3lica offshore na Galiza tem alguns detratores.\",\"datePublished\":\"2021-06-23T09:14:06+00:00\",\"dateModified\":\"2026-02-12T15:55:06+00:00\",\"mainEntityOfPage\":{\"@id\":\"https:\/\/www.keyplan.es\/pt-br\/2021\/06\/23\/estudo-da-asime-sobre-eolica-offshore-na-galiza-tem-alguns-detratores\/\"},\"wordCount\":579,\"publisher\":{\"@id\":\"\/#organization\"},\"keywords\":[\"energias renov\u00e1veis\",\"eolica offshore\",\"galicia\"],\"articleSection\":[\"energias renov\u00e1veis\",\"ind\u00fastria\",\"meio ambiente\",\"Setor energ\u00e9tico\",\"Setor industrial\",\"Setor terciario\"],\"inLanguage\":\"pt-BR\"},{\"@type\":\"WebPage\",\"@id\":\"https:\/\/www.keyplan.es\/pt-br\/2021\/06\/23\/estudo-da-asime-sobre-eolica-offshore-na-galiza-tem-alguns-detratores\/\",\"url\":\"https:\/\/www.keyplan.es\/pt-br\/2021\/06\/23\/estudo-da-asime-sobre-eolica-offshore-na-galiza-tem-alguns-detratores\/\",\"name\":\"O estudo da Asime sobre a eolica offshore na Galiza tem alguns detratores\",\"isPartOf\":{\"@id\":\"\/#website\"},\"datePublished\":\"2021-06-23T09:14:06+00:00\",\"dateModified\":\"2026-02-12T15:55:06+00:00\",\"description\":\"Um estudo GOE - Asime investiga o potencial de desenvolvimento da energia e\u00f3lica offshore na Galiza e encontra alguns detratores. A constru\u00e7\u00e3o de parques marinhos pode colidir com as atividades do setor pesqueiro e as preocupa\u00e7\u00f5es de alguns envolvidos aumentam ap\u00f3s a divulga\u00e7\u00e3o do relat\u00f3rio.\",\"breadcrumb\":{\"@id\":\"https:\/\/www.keyplan.es\/pt-br\/2021\/06\/23\/estudo-da-asime-sobre-eolica-offshore-na-galiza-tem-alguns-detratores\/#breadcrumb\"},\"inLanguage\":\"pt-BR\",\"potentialAction\":[{\"@type\":\"ReadAction\",\"target\":[\"https:\/\/www.keyplan.es\/pt-br\/2021\/06\/23\/estudo-da-asime-sobre-eolica-offshore-na-galiza-tem-alguns-detratores\/\"]}]},{\"@type\":\"BreadcrumbList\",\"@id\":\"https:\/\/www.keyplan.es\/pt-br\/2021\/06\/23\/estudo-da-asime-sobre-eolica-offshore-na-galiza-tem-alguns-detratores\/#breadcrumb\",\"itemListElement\":[{\"@type\":\"ListItem\",\"position\":1,\"name\":\"Portada\",\"item\":\"https:\/\/www.keyplan.es\/pt-br\/\"},{\"@type\":\"ListItem\",\"position\":2,\"name\":\"O estudo da Asime sobre o desenvolvimento da energia e\u00f3lica offshore na Galiza tem alguns detratores.\"}]},{\"@type\":\"WebSite\",\"@id\":\"\/#website\",\"url\":\"\/\",\"name\":\"Keyplan\",\"description\":\"Ingenier\u00eda y consulting\",\"publisher\":{\"@id\":\"\/#organization\"},\"potentialAction\":[{\"@type\":\"SearchAction\",\"target\":{\"@type\":\"EntryPoint\",\"urlTemplate\":\"\/?s={search_term_string}\"},\"query-input\":\"required name=search_term_string\"}],\"inLanguage\":\"pt-BR\"},{\"@type\":\"Organization\",\"@id\":\"\/#organization\",\"name\":\"Key Plan\",\"url\":\"\/\",\"logo\":{\"@type\":\"ImageObject\",\"inLanguage\":\"pt-BR\",\"@id\":\"\/#\/schema\/logo\/image\/\",\"url\":\"https:\/\/www.keyplan.es\/wp-content\/uploads\/2016\/12\/logo.png\",\"contentUrl\":\"https:\/\/www.keyplan.es\/wp-content\/uploads\/2016\/12\/logo.png\",\"width\":184,\"height\":82,\"caption\":\"Key Plan\"},\"image\":{\"@id\":\"\/#\/schema\/logo\/image\/\"},\"sameAs\":[\"https:\/\/es.linkedin.com\/company\/keyplaningenieria\",\"https:\/\/www.instagram.com\/keyplan_ingenieria\/\"]},{\"@type\":\"Person\",\"@id\":\"\/#\/schema\/person\/16128f1c73522cf1d48ca39439e8226d\",\"name\":\"sicom\",\"image\":{\"@type\":\"ImageObject\",\"inLanguage\":\"pt-BR\",\"@id\":\"\/#\/schema\/person\/image\/\",\"url\":\"https:\/\/secure.gravatar.com\/avatar\/6593713694856a6e9759ef9f361a07b7?s=96&d=mm&r=g\",\"contentUrl\":\"https:\/\/secure.gravatar.com\/avatar\/6593713694856a6e9759ef9f361a07b7?s=96&d=mm&r=g\",\"caption\":\"sicom\"}}]}<\/script>\n<!-- \/ Yoast SEO plugin. -->","yoast_head_json":{"title":"O estudo da Asime sobre a eolica offshore na Galiza tem alguns detratores","description":"Um estudo GOE - Asime investiga o potencial de desenvolvimento da energia e\u00f3lica offshore na Galiza e encontra alguns detratores. A constru\u00e7\u00e3o de parques marinhos pode colidir com as atividades do setor pesqueiro e as preocupa\u00e7\u00f5es de alguns envolvidos aumentam ap\u00f3s a divulga\u00e7\u00e3o do relat\u00f3rio.","robots":{"index":"index","follow":"follow","max-snippet":"max-snippet:-1","max-image-preview":"max-image-preview:large","max-video-preview":"max-video-preview:-1"},"canonical":"https:\/\/www.keyplan.es\/pt-br\/2021\/06\/23\/estudo-da-asime-sobre-eolica-offshore-na-galiza-tem-alguns-detratores\/","og_locale":"pt_BR","og_type":"article","og_title":"O estudo da Asime sobre a eolica offshore na Galiza tem alguns detratores","og_description":"Um estudo GOE - Asime investiga o potencial de desenvolvimento da energia e\u00f3lica offshore na Galiza e encontra alguns detratores. A constru\u00e7\u00e3o de parques marinhos pode colidir com as atividades do setor pesqueiro e as preocupa\u00e7\u00f5es de alguns envolvidos aumentam ap\u00f3s a divulga\u00e7\u00e3o do relat\u00f3rio.","og_url":"https:\/\/www.keyplan.es\/pt-br\/2021\/06\/23\/estudo-da-asime-sobre-eolica-offshore-na-galiza-tem-alguns-detratores\/","og_site_name":"Keyplan","article_published_time":"2021-06-23T09:14:06+00:00","article_modified_time":"2026-02-12T15:55:06+00:00","og_image":[{"width":900,"height":600,"url":"https:\/\/www.keyplan.es\/wp-content\/uploads\/2021\/06\/eolica-marina-galicia-asime.jpg","type":"image\/jpeg"}],"author":"sicom","twitter_card":"summary_large_image","twitter_misc":{"Escrito por":"sicom","Est. tempo de leitura":"3 minutos"},"schema":{"@context":"https:\/\/schema.org","@graph":[{"@type":"Article","@id":"https:\/\/www.keyplan.es\/pt-br\/2021\/06\/23\/estudo-da-asime-sobre-eolica-offshore-na-galiza-tem-alguns-detratores\/#article","isPartOf":{"@id":"https:\/\/www.keyplan.es\/pt-br\/2021\/06\/23\/estudo-da-asime-sobre-eolica-offshore-na-galiza-tem-alguns-detratores\/"},"author":{"name":"sicom","@id":"\/#\/schema\/person\/16128f1c73522cf1d48ca39439e8226d"},"headline":"O estudo da Asime sobre o desenvolvimento da energia e\u00f3lica offshore na Galiza tem alguns detratores.","datePublished":"2021-06-23T09:14:06+00:00","dateModified":"2026-02-12T15:55:06+00:00","mainEntityOfPage":{"@id":"https:\/\/www.keyplan.es\/pt-br\/2021\/06\/23\/estudo-da-asime-sobre-eolica-offshore-na-galiza-tem-alguns-detratores\/"},"wordCount":579,"publisher":{"@id":"\/#organization"},"keywords":["energias renov\u00e1veis","eolica offshore","galicia"],"articleSection":["energias renov\u00e1veis","ind\u00fastria","meio ambiente","Setor energ\u00e9tico","Setor industrial","Setor terciario"],"inLanguage":"pt-BR"},{"@type":"WebPage","@id":"https:\/\/www.keyplan.es\/pt-br\/2021\/06\/23\/estudo-da-asime-sobre-eolica-offshore-na-galiza-tem-alguns-detratores\/","url":"https:\/\/www.keyplan.es\/pt-br\/2021\/06\/23\/estudo-da-asime-sobre-eolica-offshore-na-galiza-tem-alguns-detratores\/","name":"O estudo da Asime sobre a eolica offshore na Galiza tem alguns detratores","isPartOf":{"@id":"\/#website"},"datePublished":"2021-06-23T09:14:06+00:00","dateModified":"2026-02-12T15:55:06+00:00","description":"Um estudo GOE - Asime investiga o potencial de desenvolvimento da energia e\u00f3lica offshore na Galiza e encontra alguns detratores. A constru\u00e7\u00e3o de parques marinhos pode colidir com as atividades do setor pesqueiro e as preocupa\u00e7\u00f5es de alguns envolvidos aumentam ap\u00f3s a divulga\u00e7\u00e3o do relat\u00f3rio.","breadcrumb":{"@id":"https:\/\/www.keyplan.es\/pt-br\/2021\/06\/23\/estudo-da-asime-sobre-eolica-offshore-na-galiza-tem-alguns-detratores\/#breadcrumb"},"inLanguage":"pt-BR","potentialAction":[{"@type":"ReadAction","target":["https:\/\/www.keyplan.es\/pt-br\/2021\/06\/23\/estudo-da-asime-sobre-eolica-offshore-na-galiza-tem-alguns-detratores\/"]}]},{"@type":"BreadcrumbList","@id":"https:\/\/www.keyplan.es\/pt-br\/2021\/06\/23\/estudo-da-asime-sobre-eolica-offshore-na-galiza-tem-alguns-detratores\/#breadcrumb","itemListElement":[{"@type":"ListItem","position":1,"name":"Portada","item":"https:\/\/www.keyplan.es\/pt-br\/"},{"@type":"ListItem","position":2,"name":"O estudo da Asime sobre o desenvolvimento da energia e\u00f3lica offshore na Galiza tem alguns detratores."}]},{"@type":"WebSite","@id":"\/#website","url":"\/","name":"Keyplan","description":"Ingenier\u00eda y consulting","publisher":{"@id":"\/#organization"},"potentialAction":[{"@type":"SearchAction","target":{"@type":"EntryPoint","urlTemplate":"\/?s={search_term_string}"},"query-input":"required name=search_term_string"}],"inLanguage":"pt-BR"},{"@type":"Organization","@id":"\/#organization","name":"Key Plan","url":"\/","logo":{"@type":"ImageObject","inLanguage":"pt-BR","@id":"\/#\/schema\/logo\/image\/","url":"https:\/\/www.keyplan.es\/wp-content\/uploads\/2016\/12\/logo.png","contentUrl":"https:\/\/www.keyplan.es\/wp-content\/uploads\/2016\/12\/logo.png","width":184,"height":82,"caption":"Key Plan"},"image":{"@id":"\/#\/schema\/logo\/image\/"},"sameAs":["https:\/\/es.linkedin.com\/company\/keyplaningenieria","https:\/\/www.instagram.com\/keyplan_ingenieria\/"]},{"@type":"Person","@id":"\/#\/schema\/person\/16128f1c73522cf1d48ca39439e8226d","name":"sicom","image":{"@type":"ImageObject","inLanguage":"pt-BR","@id":"\/#\/schema\/person\/image\/","url":"https:\/\/secure.gravatar.com\/avatar\/6593713694856a6e9759ef9f361a07b7?s=96&d=mm&r=g","contentUrl":"https:\/\/secure.gravatar.com\/avatar\/6593713694856a6e9759ef9f361a07b7?s=96&d=mm&r=g","caption":"sicom"}}]}},"_links":{"self":[{"href":"https:\/\/www.keyplan.es\/pt-br\/wp-json\/wp\/v2\/posts\/5729"}],"collection":[{"href":"https:\/\/www.keyplan.es\/pt-br\/wp-json\/wp\/v2\/posts"}],"about":[{"href":"https:\/\/www.keyplan.es\/pt-br\/wp-json\/wp\/v2\/types\/post"}],"author":[{"embeddable":true,"href":"https:\/\/www.keyplan.es\/pt-br\/wp-json\/wp\/v2\/users\/1"}],"replies":[{"embeddable":true,"href":"https:\/\/www.keyplan.es\/pt-br\/wp-json\/wp\/v2\/comments?post=5729"}],"version-history":[{"count":1,"href":"https:\/\/www.keyplan.es\/pt-br\/wp-json\/wp\/v2\/posts\/5729\/revisions"}],"predecessor-version":[{"id":7224,"href":"https:\/\/www.keyplan.es\/pt-br\/wp-json\/wp\/v2\/posts\/5729\/revisions\/7224"}],"wp:featuredmedia":[{"embeddable":true,"href":"https:\/\/www.keyplan.es\/pt-br\/wp-json\/wp\/v2\/media\/5731"}],"wp:attachment":[{"href":"https:\/\/www.keyplan.es\/pt-br\/wp-json\/wp\/v2\/media?parent=5729"}],"wp:term":[{"taxonomy":"category","embeddable":true,"href":"https:\/\/www.keyplan.es\/pt-br\/wp-json\/wp\/v2\/categories?post=5729"},{"taxonomy":"post_tag","embeddable":true,"href":"https:\/\/www.keyplan.es\/pt-br\/wp-json\/wp\/v2\/tags?post=5729"}],"curies":[{"name":"wp","href":"https:\/\/api.w.org\/{rel}","templated":true}]}}