{"id":7094,"date":"2024-01-11T12:28:47","date_gmt":"2024-01-11T11:28:47","guid":{"rendered":"https:\/\/www.keyplan.es\/2024\/01\/11\/a-planta-de-metanol-verde-forestal-del-atlantico-de-180-milhoes-de-euros-entrara-em-operacao-em-2028\/"},"modified":"2026-02-12T16:54:58","modified_gmt":"2026-02-12T15:54:58","slug":"a-planta-de-metanol-verde-forestal-del-atlantico-de-180-milhoes-de-euros-entrara-em-operacao-em-2028","status":"publish","type":"post","link":"https:\/\/www.keyplan.es\/pt-br\/2024\/01\/11\/a-planta-de-metanol-verde-forestal-del-atlantico-de-180-milhoes-de-euros-entrara-em-operacao-em-2028\/","title":{"rendered":"A planta de metanol verde Forestal del Atl\u00e1ntico, de 180 milh\u00f5es de euros, entrar\u00e1 em opera\u00e7\u00e3o em 2028"},"content":{"rendered":"\n<h2 class=\"wp-block-heading\">O Projeto Triskelion<\/h2>\n\n<p>O projeto Triskelion, com o qual a Forestal del Atl\u00e1ntico pretende lan\u00e7ar uma planta de metanol verde em Mugardos, avan\u00e7a no seu processo administrativo, iniciando o seu processo de exposi\u00e7\u00e3o p\u00fablica. A partir desta quarta-feira, abre-se um prazo de 30 dias \u00fateis para an\u00e1lise da documenta\u00e7\u00e3o apresentada pela empresa do grupo Tojeiro e apresenta\u00e7\u00e3o de alega\u00e7\u00f5es.<\/p>\n\n<p>A iniciativa foi declarada um <strong>Projeto Industrial Estrat\u00e9gico<\/strong> por <em>La Xunta<\/em>, com a inten\u00e7\u00e3o de minimizar os seus tempos administrativos para facilitar a sua implementa\u00e7\u00e3o e a angaria\u00e7\u00e3o de fundos europeus para a reconstru\u00e7\u00e3o. O objetivo do projeto \u00e9 a fabrica\u00e7\u00e3o de metanol verde a partir do di\u00f3xido de carbono que ser\u00e1 obtido nas atuais instala\u00e7\u00f5es da empresa, em Mugardos, em terrenos propriedade da Capitania Portu\u00e1ria de Ferrol, e hidrog\u00e9nio verde. Este ser\u00e1 produzido atrav\u00e9s de um processo de eletr\u00f3lise da \u00e1gua utilizando energia renov\u00e1vel. A inten\u00e7\u00e3o \u00e9 que <strong>a produ\u00e7\u00e3o alcan\u00e7ada seja destinada ao atendimento da demanda energ\u00e9tica da pr\u00f3pria empresa e \u00e0 venda direta como mat\u00e9ria-prima para a fabrica\u00e7\u00e3o de biocombust\u00edveis<\/strong> .<\/p>\n\n<p><a href=\"https:\/\/www.economiadigital.es\/galicia\/empresas\/la-planta-de-metanol-verde-de-forestal-del-atlantico-de-180-millones-de-euros-entrara-en-funcionamiento-en-2028.html\">Consulte mais informa\u00e7\u00e3o<\/a><\/p>\n","protected":false},"excerpt":{"rendered":"<p>O Projeto Triskelion O projeto Triskelion, com o qual a Forestal del Atl\u00e1ntico pretende lan\u00e7ar uma planta de metanol verde em Mugardos, avan\u00e7a no seu processo administrativo, iniciando o seu&#8230;<\/p>\n","protected":false},"author":2,"featured_media":6963,"comment_status":"closed","ping_status":"closed","sticky":false,"template":"","format":"standard","meta":{"footnotes":""},"categories":[409,410],"tags":[],"yoast_head":"<!-- This site is optimized with the Yoast SEO plugin v21.9.1 - https:\/\/yoast.com\/wordpress\/plugins\/seo\/ -->\n<title>A planta de metanol verde Forestal del Atl\u00e1ntico, de 180 milh\u00f5es de euros, entrar\u00e1 em opera\u00e7\u00e3o em 2028 - Keyplan<\/title>\n<meta name=\"robots\" content=\"index, follow, max-snippet:-1, max-image-preview:large, max-video-preview:-1\" \/>\n<link rel=\"canonical\" href=\"https:\/\/www.keyplan.es\/pt-br\/2024\/01\/11\/a-planta-de-metanol-verde-forestal-del-atlantico-de-180-milhoes-de-euros-entrara-em-operacao-em-2028\/\" \/>\n<meta property=\"og:locale\" content=\"pt_BR\" \/>\n<meta property=\"og:type\" content=\"article\" \/>\n<meta property=\"og:title\" content=\"A planta de metanol verde Forestal del Atl\u00e1ntico, de 180 milh\u00f5es de euros, entrar\u00e1 em opera\u00e7\u00e3o em 2028 - Keyplan\" \/>\n<meta property=\"og:description\" content=\"O Projeto Triskelion O projeto Triskelion, com o qual a Forestal del Atl\u00e1ntico pretende lan\u00e7ar uma planta de metanol verde em Mugardos, avan\u00e7a no seu processo administrativo, iniciando o seu...\" \/>\n<meta property=\"og:url\" content=\"https:\/\/www.keyplan.es\/pt-br\/2024\/01\/11\/a-planta-de-metanol-verde-forestal-del-atlantico-de-180-milhoes-de-euros-entrara-em-operacao-em-2028\/\" \/>\n<meta property=\"og:site_name\" content=\"Keyplan\" \/>\n<meta property=\"article:published_time\" content=\"2024-01-11T11:28:47+00:00\" \/>\n<meta property=\"article:modified_time\" content=\"2026-02-12T15:54:58+00:00\" \/>\n<meta property=\"og:image\" content=\"https:\/\/www.keyplan.es\/wp-content\/uploads\/2024\/01\/Captura-de-pantalla-2024-02-01-122428.jpg\" \/>\n\t<meta property=\"og:image:width\" content=\"977\" \/>\n\t<meta property=\"og:image:height\" content=\"642\" \/>\n\t<meta property=\"og:image:type\" content=\"image\/jpeg\" \/>\n<meta name=\"author\" content=\"Bel\u00e9n\" \/>\n<meta name=\"twitter:card\" content=\"summary_large_image\" \/>\n<meta name=\"twitter:label1\" content=\"Escrito por\" \/>\n\t<meta name=\"twitter:data1\" content=\"Bel\u00e9n\" \/>\n\t<meta name=\"twitter:label2\" content=\"Est. tempo de leitura\" \/>\n\t<meta name=\"twitter:data2\" content=\"1 minuto\" \/>\n<script type=\"application\/ld+json\" class=\"yoast-schema-graph\">{\"@context\":\"https:\/\/schema.org\",\"@graph\":[{\"@type\":\"Article\",\"@id\":\"https:\/\/www.keyplan.es\/pt-br\/2024\/01\/11\/a-planta-de-metanol-verde-forestal-del-atlantico-de-180-milhoes-de-euros-entrara-em-operacao-em-2028\/#article\",\"isPartOf\":{\"@id\":\"https:\/\/www.keyplan.es\/pt-br\/2024\/01\/11\/a-planta-de-metanol-verde-forestal-del-atlantico-de-180-milhoes-de-euros-entrara-em-operacao-em-2028\/\"},\"author\":{\"name\":\"Bel\u00e9n\",\"@id\":\"\/#\/schema\/person\/1fd0988fc8cc2a14d11ea3b53aa0a3e3\"},\"headline\":\"A planta de metanol verde Forestal del Atl\u00e1ntico, de 180 milh\u00f5es de euros, entrar\u00e1 em opera\u00e7\u00e3o em 2028\",\"datePublished\":\"2024-01-11T11:28:47+00:00\",\"dateModified\":\"2026-02-12T15:54:58+00:00\",\"mainEntityOfPage\":{\"@id\":\"https:\/\/www.keyplan.es\/pt-br\/2024\/01\/11\/a-planta-de-metanol-verde-forestal-del-atlantico-de-180-milhoes-de-euros-entrara-em-operacao-em-2028\/\"},\"wordCount\":221,\"publisher\":{\"@id\":\"\/#organization\"},\"articleSection\":[\"cogera\u00e7\u00e3o\",\"\u00daltimas not\u00edcias\"],\"inLanguage\":\"pt-BR\"},{\"@type\":\"WebPage\",\"@id\":\"https:\/\/www.keyplan.es\/pt-br\/2024\/01\/11\/a-planta-de-metanol-verde-forestal-del-atlantico-de-180-milhoes-de-euros-entrara-em-operacao-em-2028\/\",\"url\":\"https:\/\/www.keyplan.es\/pt-br\/2024\/01\/11\/a-planta-de-metanol-verde-forestal-del-atlantico-de-180-milhoes-de-euros-entrara-em-operacao-em-2028\/\",\"name\":\"A planta de metanol verde Forestal del Atl\u00e1ntico, de 180 milh\u00f5es de euros, entrar\u00e1 em opera\u00e7\u00e3o em 2028 - Keyplan\",\"isPartOf\":{\"@id\":\"\/#website\"},\"datePublished\":\"2024-01-11T11:28:47+00:00\",\"dateModified\":\"2026-02-12T15:54:58+00:00\",\"breadcrumb\":{\"@id\":\"https:\/\/www.keyplan.es\/pt-br\/2024\/01\/11\/a-planta-de-metanol-verde-forestal-del-atlantico-de-180-milhoes-de-euros-entrara-em-operacao-em-2028\/#breadcrumb\"},\"inLanguage\":\"pt-BR\",\"potentialAction\":[{\"@type\":\"ReadAction\",\"target\":[\"https:\/\/www.keyplan.es\/pt-br\/2024\/01\/11\/a-planta-de-metanol-verde-forestal-del-atlantico-de-180-milhoes-de-euros-entrara-em-operacao-em-2028\/\"]}]},{\"@type\":\"BreadcrumbList\",\"@id\":\"https:\/\/www.keyplan.es\/pt-br\/2024\/01\/11\/a-planta-de-metanol-verde-forestal-del-atlantico-de-180-milhoes-de-euros-entrara-em-operacao-em-2028\/#breadcrumb\",\"itemListElement\":[{\"@type\":\"ListItem\",\"position\":1,\"name\":\"Portada\",\"item\":\"https:\/\/www.keyplan.es\/pt-br\/\"},{\"@type\":\"ListItem\",\"position\":2,\"name\":\"A planta de metanol verde Forestal del Atl\u00e1ntico, de 180 milh\u00f5es de euros, entrar\u00e1 em opera\u00e7\u00e3o em 2028\"}]},{\"@type\":\"WebSite\",\"@id\":\"\/#website\",\"url\":\"\/\",\"name\":\"Keyplan\",\"description\":\"Ingenier\u00eda y consulting\",\"publisher\":{\"@id\":\"\/#organization\"},\"potentialAction\":[{\"@type\":\"SearchAction\",\"target\":{\"@type\":\"EntryPoint\",\"urlTemplate\":\"\/?s={search_term_string}\"},\"query-input\":\"required name=search_term_string\"}],\"inLanguage\":\"pt-BR\"},{\"@type\":\"Organization\",\"@id\":\"\/#organization\",\"name\":\"Key Plan\",\"url\":\"\/\",\"logo\":{\"@type\":\"ImageObject\",\"inLanguage\":\"pt-BR\",\"@id\":\"\/#\/schema\/logo\/image\/\",\"url\":\"https:\/\/www.keyplan.es\/wp-content\/uploads\/2016\/12\/logo.png\",\"contentUrl\":\"https:\/\/www.keyplan.es\/wp-content\/uploads\/2016\/12\/logo.png\",\"width\":184,\"height\":82,\"caption\":\"Key Plan\"},\"image\":{\"@id\":\"\/#\/schema\/logo\/image\/\"},\"sameAs\":[\"https:\/\/es.linkedin.com\/company\/keyplaningenieria\",\"https:\/\/www.instagram.com\/keyplan_ingenieria\/\"]},{\"@type\":\"Person\",\"@id\":\"\/#\/schema\/person\/1fd0988fc8cc2a14d11ea3b53aa0a3e3\",\"name\":\"Bel\u00e9n\",\"image\":{\"@type\":\"ImageObject\",\"inLanguage\":\"pt-BR\",\"@id\":\"\/#\/schema\/person\/image\/\",\"url\":\"https:\/\/secure.gravatar.com\/avatar\/29a8a1b23f2bbb65c828e56a2a663fd9?s=96&d=mm&r=g\",\"contentUrl\":\"https:\/\/secure.gravatar.com\/avatar\/29a8a1b23f2bbb65c828e56a2a663fd9?s=96&d=mm&r=g\",\"caption\":\"Bel\u00e9n\"},\"sameAs\":[\"https:\/\/www.keyplan.es\"]}]}<\/script>\n<!-- \/ Yoast SEO plugin. -->","yoast_head_json":{"title":"A planta de metanol verde Forestal del Atl\u00e1ntico, de 180 milh\u00f5es de euros, entrar\u00e1 em opera\u00e7\u00e3o em 2028 - Keyplan","robots":{"index":"index","follow":"follow","max-snippet":"max-snippet:-1","max-image-preview":"max-image-preview:large","max-video-preview":"max-video-preview:-1"},"canonical":"https:\/\/www.keyplan.es\/pt-br\/2024\/01\/11\/a-planta-de-metanol-verde-forestal-del-atlantico-de-180-milhoes-de-euros-entrara-em-operacao-em-2028\/","og_locale":"pt_BR","og_type":"article","og_title":"A planta de metanol verde Forestal del Atl\u00e1ntico, de 180 milh\u00f5es de euros, entrar\u00e1 em opera\u00e7\u00e3o em 2028 - Keyplan","og_description":"O Projeto Triskelion O projeto Triskelion, com o qual a Forestal del Atl\u00e1ntico pretende lan\u00e7ar uma planta de metanol verde em Mugardos, avan\u00e7a no seu processo administrativo, iniciando o seu...","og_url":"https:\/\/www.keyplan.es\/pt-br\/2024\/01\/11\/a-planta-de-metanol-verde-forestal-del-atlantico-de-180-milhoes-de-euros-entrara-em-operacao-em-2028\/","og_site_name":"Keyplan","article_published_time":"2024-01-11T11:28:47+00:00","article_modified_time":"2026-02-12T15:54:58+00:00","og_image":[{"width":977,"height":642,"url":"https:\/\/www.keyplan.es\/wp-content\/uploads\/2024\/01\/Captura-de-pantalla-2024-02-01-122428.jpg","type":"image\/jpeg"}],"author":"Bel\u00e9n","twitter_card":"summary_large_image","twitter_misc":{"Escrito por":"Bel\u00e9n","Est. tempo de leitura":"1 minuto"},"schema":{"@context":"https:\/\/schema.org","@graph":[{"@type":"Article","@id":"https:\/\/www.keyplan.es\/pt-br\/2024\/01\/11\/a-planta-de-metanol-verde-forestal-del-atlantico-de-180-milhoes-de-euros-entrara-em-operacao-em-2028\/#article","isPartOf":{"@id":"https:\/\/www.keyplan.es\/pt-br\/2024\/01\/11\/a-planta-de-metanol-verde-forestal-del-atlantico-de-180-milhoes-de-euros-entrara-em-operacao-em-2028\/"},"author":{"name":"Bel\u00e9n","@id":"\/#\/schema\/person\/1fd0988fc8cc2a14d11ea3b53aa0a3e3"},"headline":"A planta de metanol verde Forestal del Atl\u00e1ntico, de 180 milh\u00f5es de euros, entrar\u00e1 em opera\u00e7\u00e3o em 2028","datePublished":"2024-01-11T11:28:47+00:00","dateModified":"2026-02-12T15:54:58+00:00","mainEntityOfPage":{"@id":"https:\/\/www.keyplan.es\/pt-br\/2024\/01\/11\/a-planta-de-metanol-verde-forestal-del-atlantico-de-180-milhoes-de-euros-entrara-em-operacao-em-2028\/"},"wordCount":221,"publisher":{"@id":"\/#organization"},"articleSection":["cogera\u00e7\u00e3o","\u00daltimas not\u00edcias"],"inLanguage":"pt-BR"},{"@type":"WebPage","@id":"https:\/\/www.keyplan.es\/pt-br\/2024\/01\/11\/a-planta-de-metanol-verde-forestal-del-atlantico-de-180-milhoes-de-euros-entrara-em-operacao-em-2028\/","url":"https:\/\/www.keyplan.es\/pt-br\/2024\/01\/11\/a-planta-de-metanol-verde-forestal-del-atlantico-de-180-milhoes-de-euros-entrara-em-operacao-em-2028\/","name":"A planta de metanol verde Forestal del Atl\u00e1ntico, de 180 milh\u00f5es de euros, entrar\u00e1 em opera\u00e7\u00e3o em 2028 - Keyplan","isPartOf":{"@id":"\/#website"},"datePublished":"2024-01-11T11:28:47+00:00","dateModified":"2026-02-12T15:54:58+00:00","breadcrumb":{"@id":"https:\/\/www.keyplan.es\/pt-br\/2024\/01\/11\/a-planta-de-metanol-verde-forestal-del-atlantico-de-180-milhoes-de-euros-entrara-em-operacao-em-2028\/#breadcrumb"},"inLanguage":"pt-BR","potentialAction":[{"@type":"ReadAction","target":["https:\/\/www.keyplan.es\/pt-br\/2024\/01\/11\/a-planta-de-metanol-verde-forestal-del-atlantico-de-180-milhoes-de-euros-entrara-em-operacao-em-2028\/"]}]},{"@type":"BreadcrumbList","@id":"https:\/\/www.keyplan.es\/pt-br\/2024\/01\/11\/a-planta-de-metanol-verde-forestal-del-atlantico-de-180-milhoes-de-euros-entrara-em-operacao-em-2028\/#breadcrumb","itemListElement":[{"@type":"ListItem","position":1,"name":"Portada","item":"https:\/\/www.keyplan.es\/pt-br\/"},{"@type":"ListItem","position":2,"name":"A planta de metanol verde Forestal del Atl\u00e1ntico, de 180 milh\u00f5es de euros, entrar\u00e1 em opera\u00e7\u00e3o em 2028"}]},{"@type":"WebSite","@id":"\/#website","url":"\/","name":"Keyplan","description":"Ingenier\u00eda y consulting","publisher":{"@id":"\/#organization"},"potentialAction":[{"@type":"SearchAction","target":{"@type":"EntryPoint","urlTemplate":"\/?s={search_term_string}"},"query-input":"required name=search_term_string"}],"inLanguage":"pt-BR"},{"@type":"Organization","@id":"\/#organization","name":"Key Plan","url":"\/","logo":{"@type":"ImageObject","inLanguage":"pt-BR","@id":"\/#\/schema\/logo\/image\/","url":"https:\/\/www.keyplan.es\/wp-content\/uploads\/2016\/12\/logo.png","contentUrl":"https:\/\/www.keyplan.es\/wp-content\/uploads\/2016\/12\/logo.png","width":184,"height":82,"caption":"Key Plan"},"image":{"@id":"\/#\/schema\/logo\/image\/"},"sameAs":["https:\/\/es.linkedin.com\/company\/keyplaningenieria","https:\/\/www.instagram.com\/keyplan_ingenieria\/"]},{"@type":"Person","@id":"\/#\/schema\/person\/1fd0988fc8cc2a14d11ea3b53aa0a3e3","name":"Bel\u00e9n","image":{"@type":"ImageObject","inLanguage":"pt-BR","@id":"\/#\/schema\/person\/image\/","url":"https:\/\/secure.gravatar.com\/avatar\/29a8a1b23f2bbb65c828e56a2a663fd9?s=96&d=mm&r=g","contentUrl":"https:\/\/secure.gravatar.com\/avatar\/29a8a1b23f2bbb65c828e56a2a663fd9?s=96&d=mm&r=g","caption":"Bel\u00e9n"},"sameAs":["https:\/\/www.keyplan.es"]}]}},"_links":{"self":[{"href":"https:\/\/www.keyplan.es\/pt-br\/wp-json\/wp\/v2\/posts\/7094"}],"collection":[{"href":"https:\/\/www.keyplan.es\/pt-br\/wp-json\/wp\/v2\/posts"}],"about":[{"href":"https:\/\/www.keyplan.es\/pt-br\/wp-json\/wp\/v2\/types\/post"}],"author":[{"embeddable":true,"href":"https:\/\/www.keyplan.es\/pt-br\/wp-json\/wp\/v2\/users\/2"}],"replies":[{"embeddable":true,"href":"https:\/\/www.keyplan.es\/pt-br\/wp-json\/wp\/v2\/comments?post=7094"}],"version-history":[{"count":1,"href":"https:\/\/www.keyplan.es\/pt-br\/wp-json\/wp\/v2\/posts\/7094\/revisions"}],"predecessor-version":[{"id":7095,"href":"https:\/\/www.keyplan.es\/pt-br\/wp-json\/wp\/v2\/posts\/7094\/revisions\/7095"}],"wp:featuredmedia":[{"embeddable":true,"href":"https:\/\/www.keyplan.es\/pt-br\/wp-json\/wp\/v2\/media\/6963"}],"wp:attachment":[{"href":"https:\/\/www.keyplan.es\/pt-br\/wp-json\/wp\/v2\/media?parent=7094"}],"wp:term":[{"taxonomy":"category","embeddable":true,"href":"https:\/\/www.keyplan.es\/pt-br\/wp-json\/wp\/v2\/categories?post=7094"},{"taxonomy":"post_tag","embeddable":true,"href":"https:\/\/www.keyplan.es\/pt-br\/wp-json\/wp\/v2\/tags?post=7094"}],"curies":[{"name":"wp","href":"https:\/\/api.w.org\/{rel}","templated":true}]}}